{"id":706,"date":"2021-08-18T10:33:57","date_gmt":"2021-08-18T08:33:57","guid":{"rendered":"https:\/\/kamicgroup.com\/?p=706"},"modified":"2023-05-03T14:13:54","modified_gmt":"2023-05-03T12:13:54","slug":"forvarv-av-elproman-leverantor-av-specialkabel","status":"publish","type":"post","link":"https:\/\/kamicgroup.com\/index.php\/2021\/08\/18\/forvarv-av-elproman-leverantor-av-specialkabel\/","title":{"rendered":"F\u00f6rv\u00e4rv av Elproman, leverant\u00f6r av specialkabel"},"content":{"rendered":"<p>KAMIC Group AB har f\u00f6rv\u00e4rvat samtliga aktier i Elproman AB. S\u00e4ljare \u00e4r Per Hjelm och Metrofunkkabel-Union GmbH, ett bolag inom den internationella Nexans-gruppen.<\/p>\n<p>Elproman levererar specialkabel och kontaktdon till nationella och internationella industriella kunder med h\u00f6ga krav p\u00e5 produktkvalitet och leveranss\u00e4kerhet. I mindre skala bedrivs \u00e4ven tillverkning av kundspecifika kablage.<\/p>\n<p>Elproman grundades 1967 av Per Hjelms far, Karl Erik Hjelm. Idag har f\u00f6retaget ett 30-tal anst\u00e4llda med huvudkontor och lager i Segeltorp strax s\u00f6der om Stockholm. F\u00f6rs\u00e4ljningen under det senaste r\u00e4kenskaps\u00e5ret uppgick till drygt 90 miljoner kronor.<\/p>\n<p>\u201dElproman \u00e4r ett anrikt bolag med medarbetare som besitter ett extraordin\u00e4rt kunnande inom specialkabel och kontaktdon. Med grund i denna kunskap samt ett tydligt aff\u00e4rsfokus och h\u00f6g servicegrad har Elproman byggt l\u00e5ngvariga, starka relationer med s\u00e5v\u00e4l kunder som leverant\u00f6rer. N\u00e4r vi nu tar \u00f6ver som \u00e4gare ser vi b\u00e5de en utmaning och en gl\u00e4dje i att forts\u00e4tta v\u00e5rda dessa relationer samtidigt som vi tror att vi kan tillf\u00f6ra Elproman ytterligare v\u00e4rden, bland annat genom ett st\u00f6rre kontaktn\u00e4t, strukturell support och erfarenheter inom aff\u00e4rsutveckling,\u201d s\u00e4ger Fredrik Celsing, VD och koncernchef f\u00f6r KAMIC Group.<\/p>\n<p>Den tidigare huvud\u00e4garen och verkst\u00e4llande direkt\u00f6ren f\u00f6r Elproman, Per Hjelm, kommenterar transaktionen: \u201dElproman, med dess produkter och dess fantastiska medarbetare, har varit en mycket stor del av mitt liv, s\u00e5 visst k\u00e4nns det vemodigt att l\u00e4mna som \u00e4gare och ledare. Men jag \u00e4r samtidigt glad \u00f6ver att f\u00e5 l\u00e4mna \u00f6ver till KAMIC Group som jag vet kommer vara en stabil och l\u00e5ngsiktig \u00e4gare, och d\u00e4r bolaget och dess anst\u00e4llda erbjuds en stimulerande milj\u00f6 att forts\u00e4tta utvecklas i.\u201d<\/p>\n<p>Organisatoriskt kommer Elproman ing\u00e5 som ett sj\u00e4lvst\u00e4ndigt bolag i KAMIC Groups aff\u00e4rsomr\u00e5de Electronics, med Stefan Bengtsson som aff\u00e4rsomr\u00e5deschef.<\/p>\n<p><em>F\u00f6r ytterligare information, kontakta g\u00e4rna<\/em><\/p>\n<p>H\u00e5kan Lundgren, chef f\u00f6retagsutveckling och kommunikation, KAMIC Group<br \/>\n+46 (0)8\u00a0759 35 79,\u00a0<a href=\"mailto:hakan.lundgren@kamicgroup.com\">hakan.lundgren@kamicgroup.com<\/a><\/p>\n<p>Stefan Bengtsson, aff\u00e4rsomr\u00e5deschef Electronics, KAMIC Group<br \/>\n+46 (0)8\u00a0556\u00a0466 05,\u00a0<a href=\"mailto:stefan.bengtsson@egelectronics.com\">stefan.bengtsson@egelectronics.com<\/a><\/p>\n<p>Fredrik Celsing, vd och koncernchef, KAMIC Group<br \/>\n+46 (0)8\u00a0759 35 55,\u00a0<a href=\"mailto:fredrik.celsing@kamicgroup.com\">fredrik.celsing@kamicgroup.com<\/a><\/p>\n<p>Per Hjelm, tidigare \u00e4gare och verkst\u00e4llande direkt\u00f6r, Elproman<br \/>\n+46 (0)739-42 31 04,\u00a0<a href=\"mailto:ph@elproman.se\">ph@elproman.se<\/a><\/p>\n<p><strong>KAMIC Group<\/strong>\u00a0(<a href=\"http:\/\/www.kamicgroup.com\/\">www.kamicgroup.com\u00a0\u00bb<\/a>) \u00e4r en f\u00f6retagsgrupp med cirka 40 bolag verksamma inom s\u00e5v\u00e4l handel som tillverkning. V\u00e5rt gemensamma m\u00e5l \u00e4r att vara en framst\u00e5ende leverant\u00f6r av tekniska produkter och tj\u00e4nster inom utvalda produkt- och marknadsnischer. Tillsammans \u00e4r vi cirka 1 600 anst\u00e4llda i 15 l\u00e4nder i Europa, Asien och Nordamerika och har en \u00e5rlig oms\u00e4ttning p\u00e5 cirka 2,4 miljarder SEK. V\u00e5ra kunder finns fr\u00e4mst inom tillverkningsindustrin men ocks\u00e5 bland elinstallat\u00f6rer och byggf\u00f6retag.<\/p>\n<p><strong>PDF:<\/strong> <a href=\"https:\/\/kamicgroup.com\/wp-content\/uploads\/2021\/08\/PRM_Elproman_210818_sv.pdf\" target=\"_blank\" rel=\"noopener\">PRM_Elproman_210818_sv<\/a><\/p>\n","protected":false},"excerpt":{"rendered":"<p>KAMIC Group AB har f\u00f6rv\u00e4rvat samtliga aktier i Elproman AB. S\u00e4ljare \u00e4r Per Hjelm och Metrofunkkabel-Union GmbH, ett bolag inom den internationella Nexans-gruppen. Elproman levererar&#8230;<\/p>\n","protected":false},"author":1,"featured_media":965,"comment_status":"open","ping_status":"open","sticky":false,"template":"","format":"standard","meta":{"_acf_changed":false,"footnotes":""},"categories":[1],"tags":[],"class_list":{"0":"post-706","1":"post","2":"type-post","3":"status-publish","4":"format-standard","5":"has-post-thumbnail","7":"category-uncategorized"},"acf":[],"_links":{"self":[{"href":"https:\/\/kamicgroup.com\/index.php\/wp-json\/wp\/v2\/posts\/706","targetHints":{"allow":["GET"]}}],"collection":[{"href":"https:\/\/kamicgroup.com\/index.php\/wp-json\/wp\/v2\/posts"}],"about":[{"href":"https:\/\/kamicgroup.com\/index.php\/wp-json\/wp\/v2\/types\/post"}],"author":[{"embeddable":true,"href":"https:\/\/kamicgroup.com\/index.php\/wp-json\/wp\/v2\/users\/1"}],"replies":[{"embeddable":true,"href":"https:\/\/kamicgroup.com\/index.php\/wp-json\/wp\/v2\/comments?post=706"}],"version-history":[{"count":5,"href":"https:\/\/kamicgroup.com\/index.php\/wp-json\/wp\/v2\/posts\/706\/revisions"}],"predecessor-version":[{"id":1829,"href":"https:\/\/kamicgroup.com\/index.php\/wp-json\/wp\/v2\/posts\/706\/revisions\/1829"}],"wp:featuredmedia":[{"embeddable":true,"href":"https:\/\/kamicgroup.com\/index.php\/wp-json\/wp\/v2\/media\/965"}],"wp:attachment":[{"href":"https:\/\/kamicgroup.com\/index.php\/wp-json\/wp\/v2\/media?parent=706"}],"wp:term":[{"taxonomy":"category","embeddable":true,"href":"https:\/\/kamicgroup.com\/index.php\/wp-json\/wp\/v2\/categories?post=706"},{"taxonomy":"post_tag","embeddable":true,"href":"https:\/\/kamicgroup.com\/index.php\/wp-json\/wp\/v2\/tags?post=706"}],"curies":[{"name":"wp","href":"https:\/\/api.w.org\/{rel}","templated":true}]}}