{"id":1567,"date":"2022-11-01T14:00:17","date_gmt":"2022-11-01T13:00:17","guid":{"rendered":"https:\/\/kamicgroup.com\/?p=1567"},"modified":"2022-11-01T14:53:20","modified_gmt":"2022-11-01T13:53:20","slug":"forvarv-av-finelcomp","status":"publish","type":"post","link":"https:\/\/kamicgroup.com\/index.php\/2022\/11\/01\/forvarv-av-finelcomp\/","title":{"rendered":"F\u00f6rv\u00e4rv av Finelcomp"},"content":{"rendered":"<p style=\"text-align: left;\">KAMIC Group AB har f\u00f6rv\u00e4rvat samtliga aktier i finska Finelcomp Oy. S\u00e4ljare \u00e4r de tv\u00e5 tidigare huvud\u00e4garna Juuri Partners och Stone Capital samt ett antal privatpersoner och ledande befattningshavare i bolaget.<\/p>\n<p style=\"text-align: left;\">Finelcomp utvecklar och tillverkar ett brett program av elsk\u00e5p f\u00f6r konstrukt\u00f6rer av st\u00e4llverk och f\u00f6rdelningscentraler. Kunderna finns i Finland, Sverige och Norge och elsk\u00e5pen anv\u00e4nds i s\u00e5v\u00e4l industriella verksamheter som i bostadshus och offentliga byggnader. Bolaget tillverkar ocks\u00e5 komponenter och system f\u00f6r OEM-tillverkare inom skogsindustrin samt f\u00f6r installation av solpaneler. \u00a0Finelcomp grundades 1988 och \u00e4r baserat i Outokumpu i \u00f6stra Finland d\u00e4r bolaget har drygt 100 anst\u00e4llda. Den \u00e5rliga f\u00f6rs\u00e4ljningen uppg\u00e5r till cirka 22 miljoner euro.<\/p>\n<p style=\"text-align: left;\">\u201dFinelcomp \u00e4r marknadsledare inom sitt verksamhetsomr\u00e5de i Finland och har \u00e4ven starka positioner i Sverige och Norge. \u00a0Detta har man uppn\u00e5tt genom l\u00e5ngsiktiga kundsamarbeten och en konsekvent och bra produktutveckling som visar sig i smarta, flexibla och modul\u00e4ra produkter. Vi ser Finelcomp som ett starkt komplement till v\u00e5ra verksamheter inom kapslad elteknik i Norge och Sverige och vi h\u00e4lsar bolaget och dess medarbetare varmt v\u00e4lkomna in i KAMIC-familjen,\u201d s\u00e4ger Fredrik Celsing, VD och koncernchef f\u00f6r KAMIC Group.<\/p>\n<p style=\"text-align: left;\">Verkst\u00e4llande direkt\u00f6ren f\u00f6r Finelcomp, Sami Heikkinen, kommenterar: \u201dMed KAMIC Group som ny \u00e4gare hamnar vi i en milj\u00f6 som k\u00e4nns helt r\u00e4tt f\u00f6r hela Finelcomp. Vi f\u00e5r en stabil, engagerad och l\u00e5ngsiktig \u00e4gare som kan erbjuda ett v\u00e4rdefullt n\u00e4tverk samt kompetens och verktyg f\u00f6r fortsatt aff\u00e4rsutveckling.\u201d<\/p>\n<p style=\"text-align: left;\">Organisatoriskt ing\u00e5r Finelcomp nu som ett sj\u00e4lvst\u00e4ndigt bolag i KAMIC Groups aff\u00e4rsomr\u00e5de Installation under ledning av aff\u00e4rsomr\u00e5deschefen Johan Karlsson.<\/p>\n<p style=\"text-align: left;\"><strong><em>F\u00f6r ytterligare information, kontakta g\u00e4rna<\/em><\/strong><\/p>\n<p style=\"text-align: left;\">H\u00e5kan Lundgren, chef f\u00f6retagsutveckling och kommunikation, KAMIC Group<br \/>\n+46 (0)8\u00a0759 35 79, <a href=\"mailto:hakan.lundgren(at)kamicgroup.com\">hakan.lundgren(at)kamicgroup.com<\/a><\/p>\n<p style=\"text-align: left;\">Johan Karlsson, chef f\u00f6r aff\u00e4rsomr\u00e5de Installation, KAMIC Group<br \/>\n+46 (0)8\u00a0564 70 870, <a href=\"mailto:johan.karlsson(at)kamic.se\">johan.karlsson(at)kamic.se<\/a><\/p>\n<p style=\"text-align: left;\">Sami Heikkinen, verkst\u00e4llande direkt\u00f6r, Finelcomp Oy<br \/>\n+358 4014 711 77, <a href=\"mailto:sami.heikkinen(at)finelcomp.fi\">sami.heikkinen(at)finelcomp.fi<\/a><\/p>\n<p style=\"text-align: left;\"><strong>KAMIC Group<\/strong> (<a href=\"http:\/\/www.kamicgroup.com\">www.kamicgroup.com<\/a>) \u00e4r en privat\u00e4gd svensk f\u00f6retagsgrupp som f\u00f6rv\u00e4rvar, \u00e4ger och utvecklar teknikf\u00f6retag inom utvalda nischer. Gruppen rymmer idag ett 40-tal bolag verksamma inom s\u00e5v\u00e4l handel som tillverkning. Tillsammans \u00e4r vi cirka 1 500 anst\u00e4llda i 14 l\u00e4nder i Europa, Asien och Nordamerika och har en \u00e5rlig oms\u00e4ttning p\u00e5 cirka 3,2 miljarder SEK. V\u00e5ra kunder finns fr\u00e4mst inom tillverkningsindustrin men ocks\u00e5 bland elinstallat\u00f6rer och byggf\u00f6retag.<\/p>\n<p>PDF: <a href=\"https:\/\/kamicgroup.com\/wp-content\/uploads\/2022\/11\/PRM_Finelcomp_221101_sv.pdf\" target=\"_blank\" rel=\"noopener\">PRM_Finelcomp_221101_sv<\/a><\/p>\n","protected":false},"excerpt":{"rendered":"<p>KAMIC Group AB har f\u00f6rv\u00e4rvat samtliga aktier i finska Finelcomp Oy. S\u00e4ljare \u00e4r de tv\u00e5 tidigare huvud\u00e4garna Juuri Partners och Stone Capital samt ett antal&#8230;<\/p>\n","protected":false},"author":2,"featured_media":1572,"comment_status":"open","ping_status":"open","sticky":false,"template":"","format":"standard","meta":{"_acf_changed":false,"footnotes":""},"categories":[1],"tags":[],"class_list":{"0":"post-1567","1":"post","2":"type-post","3":"status-publish","4":"format-standard","5":"has-post-thumbnail","7":"category-uncategorized"},"acf":[],"_links":{"self":[{"href":"https:\/\/kamicgroup.com\/index.php\/wp-json\/wp\/v2\/posts\/1567","targetHints":{"allow":["GET"]}}],"collection":[{"href":"https:\/\/kamicgroup.com\/index.php\/wp-json\/wp\/v2\/posts"}],"about":[{"href":"https:\/\/kamicgroup.com\/index.php\/wp-json\/wp\/v2\/types\/post"}],"author":[{"embeddable":true,"href":"https:\/\/kamicgroup.com\/index.php\/wp-json\/wp\/v2\/users\/2"}],"replies":[{"embeddable":true,"href":"https:\/\/kamicgroup.com\/index.php\/wp-json\/wp\/v2\/comments?post=1567"}],"version-history":[{"count":4,"href":"https:\/\/kamicgroup.com\/index.php\/wp-json\/wp\/v2\/posts\/1567\/revisions"}],"predecessor-version":[{"id":1574,"href":"https:\/\/kamicgroup.com\/index.php\/wp-json\/wp\/v2\/posts\/1567\/revisions\/1574"}],"wp:featuredmedia":[{"embeddable":true,"href":"https:\/\/kamicgroup.com\/index.php\/wp-json\/wp\/v2\/media\/1572"}],"wp:attachment":[{"href":"https:\/\/kamicgroup.com\/index.php\/wp-json\/wp\/v2\/media?parent=1567"}],"wp:term":[{"taxonomy":"category","embeddable":true,"href":"https:\/\/kamicgroup.com\/index.php\/wp-json\/wp\/v2\/categories?post=1567"},{"taxonomy":"post_tag","embeddable":true,"href":"https:\/\/kamicgroup.com\/index.php\/wp-json\/wp\/v2\/tags?post=1567"}],"curies":[{"name":"wp","href":"https:\/\/api.w.org\/{rel}","templated":true}]}}